{"id":20437,"date":"2026-09-04T13:36:26","date_gmt":"2026-09-04T10:36:26","guid":{"rendered":"https:\/\/mmfidawla.com\/2026\/09\/04\/la-logique-disrael-est-aussi-celle-du-systeme-politique-libanais-le-sionisme-prime-t-il-sur-la-nationalite-libanaise\/"},"modified":"2026-09-04T13:36:27","modified_gmt":"2026-09-04T10:36:27","slug":"la-logique-disrael-est-aussi-celle-du-systeme-politique-libanais-le-sionisme-prime-t-il-sur-la-nationalite-libanaise","status":"publish","type":"post","link":"https:\/\/mmfidawla.com\/fr\/2026\/09\/04\/la-logique-disrael-est-aussi-celle-du-systeme-politique-libanais-le-sionisme-prime-t-il-sur-la-nationalite-libanaise\/","title":{"rendered":"La logique d&rsquo;Isra\u00ebl est aussi celle du syst\u00e8me politique libanais : le sionisme prime-t-il sur la nationalit\u00e9 libanaise ?"},"content":{"rendered":"<div  class='flex_column av-2idun23-200503c522d9216814f3e4793022dd68 av_three_fourth  avia-builder-el-0  el_before_av_one_fourth  avia-builder-el-first  first flex_column_div  '     ><section  class='av_textblock_section av-mtmszwu7-148b61888c3b2fda97ae2b2a91ad1e48 '   itemscope=\"itemscope\" itemtype=\"https:\/\/schema.org\/BlogPosting\" itemprop=\"blogPost\" ><div class='avia_textblock'  itemprop=\"text\" ><h1><strong>La logique d&rsquo;Isra\u00ebl est aussi celle du syst\u00e8me politique libanais : le sionisme prime-t-il sur la nationalit\u00e9 libanaise ?<\/strong><\/h1>\n<\/div><\/section><br \/>\n<section  class='av_textblock_section av-mtmt3eis-485fbb1616f401ce4869c03be4d0406f '   itemscope=\"itemscope\" itemtype=\"https:\/\/schema.org\/BlogPosting\" itemprop=\"blogPost\" ><div class='avia_textblock'  itemprop=\"text\" ><p><em>Si les Juifs libanais sont isra\u00e9liens, alors les chiites libanais sont iraniens, les maronites libanais fran\u00e7ais, les sunnites libanais saoudiens, les orthodoxes libanais russes, et quant aux druzes libanais, Isra\u00ebl cherche \u00e0 se les approprier, etc.<\/em> <em>quant aux Am\u00e9ricains, ils ne se limitent nullement aux Libanais \u00e9vang\u00e9liques.<\/em><\/p>\n<p><em>\u00a0<\/em><\/p>\n<p>Des informations ont circul\u00e9 hier \u2014 fond\u00e9es sur des d\u00e9clarations officielles isra\u00e9liennes \u00e9manant du bureau de Netanyahu et non d\u00e9menties par le gouvernement libanais \u2014 faisant \u00e9tat d&rsquo;un accord d&rsquo;\u00e9change de prisonniers libanais \u00abcivils\u00bb d\u00e9tenus par l&rsquo;ennemi sioniste contre les d\u00e9pouilles de \u00abdirigeants de la communaut\u00e9 juive du Liban\u00bb tu\u00e9s durant la guerre civile libanaise.<\/p>\n<p><strong>Par cet acte, le gouvernement libanais se rend coupable de plusieurs crimes politiques caract\u00e9ris\u00e9s<\/strong><\/p>\n<p>Premi\u00e8rement, elle transf\u00e8re les d\u00e9pouilles de citoyens libanais \u2014 quelle que soit leur confession \u2014 \u00e0 une entit\u00e9 ennemie qui occupe des pans du territoire libanais et qui, chaque jour, tue des Libanais et d\u00e9truit leurs villages, l\u00e0 encore quelle que soit leur confession.<\/p>\n<p>Deuxi\u00e8mement, elle traite ses propres citoyens comme s&rsquo;ils appartenaient \u00e0 des communaut\u00e9s relevant d&rsquo;\u00c9tats \u00e9trangers, dont les gouvernements auraient le \u00abdroit\u00bb de r\u00e9clamer leurs d\u00e9pouilles, y compris lorsqu&rsquo;il s&rsquo;agit du gouvernement de l&rsquo;ennemi sioniste. Ce faisant, elle conforte la vision isra\u00e9lienne selon laquelle les peuples de la r\u00e9gion ne sont que des membres de communaut\u00e9s confessionnelles, et non des citoyens et citoyennes \u00e0 part enti\u00e8re de leurs propres \u00c9tats. Elle pousse ainsi ces \u00abcommunaut\u00e9s\u00bb \u00e0 miser sur des acteurs ext\u00e9rieurs, jusqu&rsquo;\u00e0 tomber sous leur d\u00e9pendance. Cette complicit\u00e9 avec la vision isra\u00e9lienne de nos soci\u00e9t\u00e9s conduit \u00e0 la fragmentation et \u00e0 la destruction du tissu social au profit du projet sioniste ; nul \u00eatre sens\u00e9, pour peu qu&rsquo;il soit de bonne foi, ne saurait ignorer l&rsquo;ampleur de ce crime.<\/p>\n<p>Troisi\u00e8mement, il s&rsquo;agit d&rsquo;une reconnaissance de la l\u00e9gitimit\u00e9 de la tutelle sioniste sur l&rsquo;ensemble des Juifs du monde, ainsi que d&rsquo;un renforcement de l&rsquo;int\u00e9gration entre le sionisme et les courants racistes \u00e0 l&rsquo;\u00e9chelle mondiale, pr\u00e9sente depuis sa fondation jusqu&rsquo;\u00e0 nos jours. C&rsquo;est l\u00e0 une position rejet\u00e9e, par principe, par de nombreux Juifs \u00e0 travers le monde, tout comme elle l&rsquo;est par toute conscience libre et exempte de racisme. Une telle reconnaissance ne saurait \u00eatre faite au nom du peuple libanais, m\u00eame si elle \u00e9mane de ceux qui le gouvernent en ces temps d&rsquo;aveuglement.<\/p>\n<p>Il existe bien d&rsquo;autres crimes, au nombre desquels figure le fait de lier le sort des prisonniers libanais en Isra\u00ebl \u2014 qu&rsquo;ils soient civils ou non \u2014 \u00e0 une contribution au d\u00e9mant\u00e8lement d&rsquo;une soci\u00e9t\u00e9 d\u00e9j\u00e0 fissur\u00e9e.<\/p>\n<p><strong>L&rsquo;hostilit\u00e9 au projet sioniste est une n\u00e9cessit\u00e9 pour la d\u00e9fense de la soci\u00e9t\u00e9.<\/strong><\/p>\n<p>Le sionisme est un mouvement colonialiste et raciste, dont Isra\u00ebl constitue l&rsquo;incarnation meurtri\u00e8re dans notre r\u00e9gion ; s&rsquo;opposer au projet sioniste est un devoir, avant tout pour d\u00e9fendre notre soci\u00e9t\u00e9. Toute interaction avec ce projet \u2014 en dehors d&rsquo;une logique de gestion du conflit visant \u00e0 servir les droits et la dignit\u00e9 de notre peuple et des peuples de la r\u00e9gion \u2014 constitue un crime politique caract\u00e9ris\u00e9 qu&rsquo;il convient de combattre. La capitulation face au projet sioniste n&rsquo;est pas une fatalit\u00e9 \u00e0 laquelle nous devons nous r\u00e9signer. Les d\u00e9faites ont des causes bien r\u00e9elles, dont la racine r\u00e9side dans notre incapacit\u00e9 \u00e0 mobiliser les ressources de notre soci\u00e9t\u00e9, cons\u00e9quence de notre acceptation de la mani\u00e8re dont le projet sioniste l&rsquo;appr\u00e9hende. Continuer \u00e0 envisager notre soci\u00e9t\u00e9 sous l&rsquo;angle des communaut\u00e9s confessionnelles \u2014 c&rsquo;est-\u00e0-dire selon la logique m\u00eame de l&rsquo;ennemi \u2014 revient \u00e0 perp\u00e9tuer la d\u00e9faite et l&rsquo;impuissance.<\/p>\n<p>Par cet acte, l&rsquo;autorit\u00e9 officielle justifie l&rsquo;entr\u00e9e du Hezbollah en guerre, s&rsquo;alignant ainsi sur la position de ce que le parti \u2014 et elle-m\u00eame, par sa conduite \u2014 consid\u00e8re comme la r\u00e9f\u00e9rence de la communaut\u00e9. De son c\u00f4t\u00e9, le Hezbollah, par son silence actuel et son acceptation d&rsquo;une situation de d\u00e9pendance, cautionne l&rsquo;attitude de l&rsquo;autorit\u00e9 officielle et sa capitulation face \u00e0 l&rsquo;ennemi. Il s&rsquo;agit d&rsquo;une dynamique de compl\u00e9mentarit\u00e9 qui se joue au d\u00e9triment d&rsquo;une soci\u00e9t\u00e9 dont les membres sont priv\u00e9s de logement, d&rsquo;\u00e9ducation et d&#8217;emploi, et dont la principale aspiration se r\u00e9sume \u00e0 organiser l&rsquo;\u00e9migration de leurs enfants.<\/p>\n<p>Peut-on oublier que les milices de la guerre ont perp\u00e9tr\u00e9 des enl\u00e8vements et des meurtres \u00abfond\u00e9s sur l&rsquo;identit\u00e9 communautaire\u00bb, provoquant l&rsquo;intervention de puissances r\u00e9gionales et internationales \u2014 dont Isra\u00ebl \u2014 et qu&rsquo;une fois au pouvoir, elles ont fini par s&rsquo;octroyer une amnistie ? Face \u00e0 la gravit\u00e9 de la situation, peut-\u00eatre que les auteurs de ces meurtres oseront avouer leurs actes, mettant ainsi en lumi\u00e8re l&rsquo;\u00e9chec des l\u00e9gitimit\u00e9s confessionnelles dans ce pays.<\/p>\n<p>La l\u00e9gitimit\u00e9 du pouvoir ne saurait d\u00e9couler d&rsquo;une injonction ext\u00e9rieure \u2014 \u00e0 l&rsquo;instar de ces gouvernements de \u00ab mission \u00bb d\u00e9sign\u00e9s de l&rsquo;\u00e9tranger \u2014 et quiconque a contribu\u00e9 \u00e0 engendrer la mouture actuelle de ce pouvoir porte une responsabilit\u00e9 directe dans ses actes. La d\u00e9faite est le fruit de la l\u00e9gitimit\u00e9 confessionnelle et de la tr\u00eave qui a gel\u00e9 la guerre civile; \u00e0 l&rsquo;inverse, la capacit\u00e9 de r\u00e9sistance proc\u00e8de d&rsquo;une l\u00e9gitimit\u00e9 capable de mobiliser les ressources : celle d&rsquo;\u00c9tats civils qui constituent un mod\u00e8le pour la r\u00e9gion et pour le monde.<\/p>\n<\/div><\/section><br \/>\n<div  class='av-social-sharing-box av-1b714rf-6d268d18bdf913b9dd608c9cd14bdc64 av-social-sharing-box-default  avia-builder-el-3  el_after_av_textblock  el_before_av_comments_list  av-social-sharing-box-fullwidth'><div class=\"av-share-box\"><h5 class='av-share-link-description av-no-toc '>Share this entry<\/h5><ul class=\"av-share-box-list noLightbox\"><li class='av-share-link av-social-link-facebook' ><a target=\"_blank\" aria-label=\"Partager sur Facebook\" href='https:\/\/www.facebook.com\/sharer.php?u=https:\/\/mmfidawla.com\/fr\/2026\/09\/04\/la-logique-disrael-est-aussi-celle-du-systeme-politique-libanais-le-sionisme-prime-t-il-sur-la-nationalite-libanaise\/&#038;t=La%20logique%20d%E2%80%99Isra%C3%ABl%20est%20aussi%20celle%20du%20syst%C3%A8me%20politique%20libanais%20%3A%20le%20sionisme%20prime-t-il%20sur%20la%20nationalit%C3%A9%20libanaise%20%3F' aria-hidden='false' data-av_icon='\ue8f3' data-av_iconfont='entypo-fontello' title='' data-avia-related-tooltip='Partager sur Facebook' rel=\"noopener\"><span class='avia_hidden_link_text'>Partager sur Facebook<\/span><\/a><\/li><li class='av-share-link av-social-link-twitter' ><a target=\"_blank\" aria-label=\"Partager sur Twitter\" href='https:\/\/twitter.com\/share?text=La%20logique%20d%E2%80%99Isra%C3%ABl%20est%20aussi%20celle%20du%20syst%C3%A8me%20politique%20libanais%20%3A%20le%20sionisme%20prime-t-il%20sur%20la%20nationalit%C3%A9%20libanaise%20%3F&#038;url=https:\/\/mmfidawla.com\/fr\/?p=20437' aria-hidden='false' data-av_icon='\ue932' data-av_iconfont='entypo-fontello' title='' data-avia-related-tooltip='Partager sur Twitter' rel=\"noopener\"><span class='avia_hidden_link_text'>Partager sur Twitter<\/span><\/a><\/li><li class='av-share-link av-social-link-square-x-twitter' ><a target=\"_blank\" aria-label=\"Share on Twitter\" href='https:\/\/twitter.com\/share?text=La%20logique%20d%E2%80%99Isra%C3%ABl%20est%20aussi%20celle%20du%20syst%C3%A8me%20politique%20libanais%20%3A%20le%20sionisme%20prime-t-il%20sur%20la%20nationalit%C3%A9%20libanaise%20%3F&#038;url=https:\/\/mmfidawla.com\/fr\/?p=20437' aria-hidden='false' data-av_icon='\ue933' data-av_iconfont='entypo-fontello' title='' data-avia-related-tooltip='Share on Twitter' rel=\"noopener\"><span class='avia_hidden_link_text'>Share on Twitter<\/span><\/a><\/li><li class='av-share-link av-social-link-whatsapp' ><a target=\"_blank\" aria-label=\"Partager sur WhatsApp\" href='https:\/\/api.whatsapp.com\/send?text=https:\/\/mmfidawla.com\/fr\/2026\/09\/04\/la-logique-disrael-est-aussi-celle-du-systeme-politique-libanais-le-sionisme-prime-t-il-sur-la-nationalite-libanaise\/' aria-hidden='false' data-av_icon='\uf232' data-av_iconfont='entypo-fontello' title='' data-avia-related-tooltip='Partager sur WhatsApp' rel=\"noopener\"><span class='avia_hidden_link_text'>Partager sur WhatsApp<\/span><\/a><\/li><li class='av-share-link av-social-link-pinterest' ><a target=\"_blank\" aria-label=\"Partager sur Pinterest\" href='https:\/\/pinterest.com\/pin\/create\/button\/?url=https%3A%2F%2Fmmfidawla.com%2Ffr%2F2026%2F09%2F04%2Fla-logique-disrael-est-aussi-celle-du-systeme-politique-libanais-le-sionisme-prime-t-il-sur-la-nationalite-libanaise%2F&#038;description=La%20logique%20d%E2%80%99Isra%C3%ABl%20est%20aussi%20celle%20du%20syst%C3%A8me%20politique%20libanais%20%3A%20le%20sionisme%20prime-t-il%20sur%20la%20nationalit%C3%A9%20libanaise%20%3F&#038;media=https%3A%2F%2Fmmfidawla.com%2Fwp-content%2Fuploads%2F2026%2F09%2Fbayan-4-sep-2026-.jpg-564x705.jpeg' aria-hidden='false' data-av_icon='\ue8f8' data-av_iconfont='entypo-fontello' title='' data-avia-related-tooltip='Partager sur Pinterest' rel=\"noopener\"><span class='avia_hidden_link_text'>Partager sur Pinterest<\/span><\/a><\/li><li class='av-share-link av-social-link-linkedin' ><a target=\"_blank\" aria-label=\"Partager sur LinkedIn\" href='https:\/\/linkedin.com\/shareArticle?mini=true&#038;title=La%20logique%20d%E2%80%99Isra%C3%ABl%20est%20aussi%20celle%20du%20syst%C3%A8me%20politique%20libanais%20%3A%20le%20sionisme%20prime-t-il%20sur%20la%20nationalit%C3%A9%20libanaise%20%3F&#038;url=https:\/\/mmfidawla.com\/fr\/2026\/09\/04\/la-logique-disrael-est-aussi-celle-du-systeme-politique-libanais-le-sionisme-prime-t-il-sur-la-nationalite-libanaise\/' aria-hidden='false' data-av_icon='\ue8fc' data-av_iconfont='entypo-fontello' title='' data-avia-related-tooltip='Partager sur LinkedIn' rel=\"noopener\"><span class='avia_hidden_link_text'>Partager sur LinkedIn<\/span><\/a><\/li><li class='av-share-link av-social-link-tumblr' ><a target=\"_blank\" aria-label=\"Partager sur Tumblr\" href='https:\/\/www.tumblr.com\/share\/link?url=https%3A%2F%2Fmmfidawla.com%2Ffr%2F2026%2F09%2F04%2Fla-logique-disrael-est-aussi-celle-du-systeme-politique-libanais-le-sionisme-prime-t-il-sur-la-nationalite-libanaise%2F&#038;name=La%20logique%20d%E2%80%99Isra%C3%ABl%20est%20aussi%20celle%20du%20syst%C3%A8me%20politique%20libanais%20%3A%20le%20sionisme%20prime-t-il%20sur%20la%20nationalit%C3%A9%20libanaise%20%3F&#038;description=' aria-hidden='false' data-av_icon='\ue8fa' data-av_iconfont='entypo-fontello' title='' data-avia-related-tooltip='Partager sur Tumblr' rel=\"noopener\"><span class='avia_hidden_link_text'>Partager sur Tumblr<\/span><\/a><\/li><li class='av-share-link av-social-link-vk' ><a target=\"_blank\" aria-label=\"Partager sur Vk\" href='https:\/\/vk.com\/share.php?url=https:\/\/mmfidawla.com\/fr\/2026\/09\/04\/la-logique-disrael-est-aussi-celle-du-systeme-politique-libanais-le-sionisme-prime-t-il-sur-la-nationalite-libanaise\/' aria-hidden='false' data-av_icon='\ue926' data-av_iconfont='entypo-fontello' title='' data-avia-related-tooltip='Partager sur Vk' rel=\"noopener\"><span class='avia_hidden_link_text'>Partager sur Vk<\/span><\/a><\/li><li class='av-share-link av-social-link-reddit' ><a target=\"_blank\" aria-label=\"Partager sur Reddit\" href='https:\/\/reddit.com\/submit?url=https:\/\/mmfidawla.com\/fr\/2026\/09\/04\/la-logique-disrael-est-aussi-celle-du-systeme-politique-libanais-le-sionisme-prime-t-il-sur-la-nationalite-libanaise\/&#038;title=La%20logique%20d%E2%80%99Isra%C3%ABl%20est%20aussi%20celle%20du%20syst%C3%A8me%20politique%20libanais%20%3A%20le%20sionisme%20prime-t-il%20sur%20la%20nationalit%C3%A9%20libanaise%20%3F' aria-hidden='false' data-av_icon='\ue927' data-av_iconfont='entypo-fontello' title='' data-avia-related-tooltip='Partager sur Reddit' rel=\"noopener\"><span class='avia_hidden_link_text'>Partager sur Reddit<\/span><\/a><\/li><li class='av-share-link av-social-link-mail' ><a  aria-label=\"Partager par Mail\" href='mailto:?subject=La%20logique%20d%E2%80%99Isra%C3%ABl%20est%20aussi%20celle%20du%20syst%C3%A8me%20politique%20libanais%20%3A%20le%20sionisme%20prime-t-il%20sur%20la%20nationalit%C3%A9%20libanaise%20%3F&#038;body=https:\/\/mmfidawla.com\/fr\/2026\/09\/04\/la-logique-disrael-est-aussi-celle-du-systeme-politique-libanais-le-sionisme-prime-t-il-sur-la-nationalite-libanaise\/' aria-hidden='false' data-av_icon='\ue805' data-av_iconfont='entypo-fontello' title='' data-avia-related-tooltip='Partager par Mail'><span class='avia_hidden_link_text'>Partager par Mail<\/span><\/a><\/li><\/ul><\/div><\/div><br \/>\n<div  class='av-buildercomment av-s11vsr-87f3bb773dd30706a86e0eceae19ffe3'><\/div><\/p><\/div><div  class='flex_column av-1bhmnbv-a7737d5ab3826f6308c178f46c976b78 av_one_fourth  avia-builder-el-5  el_after_av_three_fourth  avia-builder-el-last  flex_column_div  '     ><div  id=\"avia-magazine-1\"  class='av-magazine av-u7cduj-16196b3c638a91f24326d13806dbd66a  avia-builder-el-6  avia-builder-el-no-sibling   avia-builder-el-6  avia-builder-el-no-sibling ' ><div class='av-magazine-group sort_all'><article class='av-magazine-entry av-magazine-entry-id-20437 av-magazine-format-standard av-magazine-type-post av-magazine-entry-1 av-magazine-entry-small av-magazine-no-thumb'  itemscope=\"itemscope\" itemtype=\"https:\/\/schema.org\/BlogPosting\" itemprop=\"blogPost\" ><div class=\"av-magazine-content-wrap\"><header class=\"entry-content-header\"><time class='av-magazine-time updated'  itemprop=\"datePublished\" datetime=\"\" ><\/time><h3 class='av-magazine-title entry-title '  itemprop=\"headline\" ><a href='https:\/\/mmfidawla.com\/fr\/2026\/09\/04\/la-logique-disrael-est-aussi-celle-du-systeme-politique-libanais-le-sionisme-prime-t-il-sur-la-nationalite-libanaise\/' title='Lier vers : La logique d&rsquo;Isra\u00ebl est aussi celle du syst\u00e8me politique libanais : le sionisme prime-t-il sur la nationalit\u00e9 libanaise ?'>La logique d&rsquo;Isra\u00ebl est aussi celle du syst\u00e8me politique libanais : le sionisme prime-t-il sur la nationalit\u00e9 libanaise ?<\/a><\/h3><\/header><\/div><footer class=\"entry-footer\"><\/footer><\/article><article class='av-magazine-entry av-magazine-entry-id-20400 av-magazine-format-standard av-magazine-type-post av-magazine-entry-2 av-magazine-entry-small av-magazine-no-thumb'  itemscope=\"itemscope\" itemtype=\"https:\/\/schema.org\/BlogPosting\" itemprop=\"blogPost\" ><div class=\"av-magazine-content-wrap\"><header class=\"entry-content-header\"><time class='av-magazine-time updated'  itemprop=\"datePublished\" datetime=\"\" ><\/time><h3 class='av-magazine-title entry-title '  itemprop=\"headline\" ><a href='https:\/\/mmfidawla.com\/fr\/2026\/07\/16\/laccord-cadre-ne-represente-pas-la-voix-des-citoyennes-attachees-au-droit-international-et-a-la-souverainete\/' title='Lier vers : L\u2019accord-cadre ne repr\u00e9sente pas la voix des citoyen(ne)s attach\u00e9(e)s au droit international et \u00e0 la souverainet\u00e9'>L\u2019accord-cadre ne repr\u00e9sente pas la voix des citoyen(ne)s attach\u00e9(e)s au droit international et \u00e0 la souverainet\u00e9<\/a><\/h3><\/header><\/div><footer class=\"entry-footer\"><\/footer><\/article><article class='av-magazine-entry av-magazine-entry-id-20260 av-magazine-format-standard av-magazine-type-post av-magazine-entry-3 av-magazine-entry-small av-magazine-no-thumb'  itemscope=\"itemscope\" itemtype=\"https:\/\/schema.org\/BlogPosting\" itemprop=\"blogPost\" ><div class=\"av-magazine-content-wrap\"><header class=\"entry-content-header\"><time class='av-magazine-time updated'  itemprop=\"datePublished\" datetime=\"\" ><\/time><h3 class='av-magazine-title entry-title '  itemprop=\"headline\" ><a href='https:\/\/mmfidawla.com\/fr\/2026\/04\/15\/la-confrontation-avec-lexterieur-est-dabord-interieure-dans-ses-objectifs-et-dans-ses-moyens-etablissons-un-etat-aujourdhui\/' title='Lier vers : La confrontation avec l\u2019ext\u00e9rieur est d\u2019abord int\u00e9rieure, dans ses objectifs et dans ses moyens \u00c9tablissons un \u00c9tat aujourd\u2019hui'>La confrontation avec l\u2019ext\u00e9rieur est d\u2019abord int\u00e9rieure, dans ses objectifs et dans ses moyens \u00c9tablissons un \u00c9tat aujourd\u2019hui<\/a><\/h3><\/header><\/div><footer class=\"entry-footer\"><\/footer><\/article><article class='av-magazine-entry av-magazine-entry-id-20121 av-magazine-format-standard av-magazine-type-post av-magazine-entry-4 av-magazine-entry-small av-magazine-no-thumb'  itemscope=\"itemscope\" itemtype=\"https:\/\/schema.org\/BlogPosting\" itemprop=\"blogPost\" ><div class=\"av-magazine-content-wrap\"><header class=\"entry-content-header\"><time class='av-magazine-time updated'  itemprop=\"datePublished\" datetime=\"\" ><\/time><h3 class='av-magazine-title entry-title '  itemprop=\"headline\" ><a href='https:\/\/mmfidawla.com\/fr\/2025\/08\/11\/toutes-leurs-arguments-sont-vrais-mais\/' title='Lier vers : Tous leurs arguments sont vrais, mais\u2026'>Tous leurs arguments sont vrais, mais\u2026<\/a><\/h3><\/header><\/div><footer class=\"entry-footer\"><\/footer><\/article><article class='av-magazine-entry av-magazine-entry-id-19657 av-magazine-format-standard av-magazine-type-post av-magazine-entry-5 av-magazine-entry-small av-magazine-no-thumb'  itemscope=\"itemscope\" itemtype=\"https:\/\/schema.org\/BlogPosting\" itemprop=\"blogPost\" ><div class=\"av-magazine-content-wrap\"><header class=\"entry-content-header\"><time class='av-magazine-time updated'  itemprop=\"datePublished\" datetime=\"\" ><\/time><h3 class='av-magazine-title entry-title '  itemprop=\"headline\" ><a href='https:\/\/mmfidawla.com\/fr\/2024\/01\/17\/une-etude-inedite-alerte-sur-un-changement-drastique-du-tissu-demographique-libanais\/' title='Lier vers : Une \u00e9tude in\u00e9dite alerte sur un \u00ab\u00a0changement drastique du tissu d\u00e9mographique libanais\u00a0\u00bb'>Une \u00e9tude in\u00e9dite alerte sur un \u00ab\u00a0changement drastique du tissu d\u00e9mographique libanais\u00a0\u00bb<\/a><\/h3><\/header><\/div><footer class=\"entry-footer\"><\/footer><\/article><\/div><\/div><\/div>\n","protected":false},"excerpt":{"rendered":"","protected":false},"author":1949,"featured_media":20415,"comment_status":"closed","ping_status":"open","sticky":false,"template":"","format":"standard","meta":{"_price":"","_stock":"","_tribe_ticket_header":"","_tribe_default_ticket_provider":"","_tribe_ticket_capacity":"0","_ticket_start_date":"","_ticket_end_date":"","_tribe_ticket_show_description":"","_tribe_ticket_show_not_going":false,"_tribe_ticket_use_global_stock":"","_tribe_ticket_global_stock_level":"","_global_stock_mode":"","_global_stock_cap":"","_tribe_rsvp_for_event":"","_tribe_ticket_going_count":"","_tribe_ticket_not_going_count":"","_tribe_tickets_list":[],"_tribe_ticket_has_attendee_info_fields":false,"footnotes":""},"categories":[155],"tags":[],"yoast_head":"<!-- This site is optimized with the Yoast SEO plugin v21.5 - https:\/\/yoast.com\/wordpress\/plugins\/seo\/ -->\n<title>La logique d&#039;Isra\u00ebl est aussi celle du syst\u00e8me politique libanais : le sionisme prime-t-il sur la nationalit\u00e9 libanaise ? - \u0645\u0648\u0627\u0637\u0646\u0648\u0646 \u0648\u0645\u0648\u0627\u0637\u0646\u0627\u062a \u0641\u064a \u062f\u0648\u0644\u0629<\/title>\n<meta name=\"robots\" content=\"index, follow, max-snippet:-1, max-image-preview:large, max-video-preview:-1\" \/>\n<link rel=\"canonical\" href=\"https:\/\/mmfidawla.com\/2026\/09\/04\/\u0645\u0646\u0637\u0642-\u0625\u0633\u0631\u0627\u0626\u064a\u0644-\u0647\u0648-\u0627\u064a\u0636\u0627\u064b-\u0645\u0646\u0637\u0642-\u0627\u0644\u0646\u0638\u0627\u0645-\u0627\u0644\u0633\u064a\/\" \/>\n<meta property=\"og:locale\" content=\"fr_FR\" \/>\n<meta property=\"og:type\" content=\"article\" \/>\n<meta property=\"og:title\" content=\"La logique d&#039;Isra\u00ebl est aussi celle du syst\u00e8me politique libanais : le sionisme prime-t-il sur la nationalit\u00e9 libanaise ? - \u0645\u0648\u0627\u0637\u0646\u0648\u0646 \u0648\u0645\u0648\u0627\u0637\u0646\u0627\u062a \u0641\u064a \u062f\u0648\u0644\u0629\" \/>\n<meta property=\"og:url\" content=\"https:\/\/mmfidawla.com\/2026\/09\/04\/\u0645\u0646\u0637\u0642-\u0625\u0633\u0631\u0627\u0626\u064a\u0644-\u0647\u0648-\u0627\u064a\u0636\u0627\u064b-\u0645\u0646\u0637\u0642-\u0627\u0644\u0646\u0638\u0627\u0645-\u0627\u0644\u0633\u064a\/\" \/>\n<meta property=\"og:site_name\" content=\"\u0645\u0648\u0627\u0637\u0646\u0648\u0646 \u0648\u0645\u0648\u0627\u0637\u0646\u0627\u062a \u0641\u064a \u062f\u0648\u0644\u0629\" \/>\n<meta property=\"article:publisher\" content=\"https:\/\/www.facebook.com\/mmfidawla\/\" \/>\n<meta property=\"article:published_time\" content=\"2026-09-04 10:36:26.000000\" \/>\n<meta property=\"article:modified_time\" content=\"2026-09-04 10:36:27.000000\" \/>\n<meta property=\"og:image\" content=\"https:\/\/mmfidawla.com\/wp-content\/uploads\/2026\/09\/bayan-4-sep-2026-.jpg.jpeg\" \/>\n\t<meta property=\"og:image:width\" content=\"1080\" \/>\n\t<meta property=\"og:image:height\" content=\"1350\" \/>\n\t<meta property=\"og:image:type\" content=\"image\/jpeg\" \/>\n<meta name=\"author\" content=\"Raghad Hmede\" \/>\n<meta name=\"twitter:card\" content=\"summary_large_image\" \/>\n<meta name=\"twitter:creator\" content=\"@mmfidawla\" \/>\n<meta name=\"twitter:site\" content=\"@mmfidawla\" \/>\n<meta name=\"twitter:label1\" content=\"\u00c9crit par\" \/>\n\t<meta name=\"twitter:data1\" content=\"Raghad Hmede\" \/>\n\t<meta name=\"twitter:label2\" content=\"Dur\u00e9e de lecture est.\" \/>\n\t<meta name=\"twitter:data2\" content=\"12 minutes\" \/>\n<script type=\"application\/ld+json\" class=\"yoast-schema-graph\">{\"@context\":\"https:\/\/schema.org\",\"@graph\":[{\"@type\":\"Article\",\"@id\":\"https:\/\/mmfidawla.com\/2026\/09\/04\/%d9%85%d9%86%d8%b7%d9%82-%d8%a5%d8%b3%d8%b1%d8%a7%d8%a6%d9%8a%d9%84-%d9%87%d9%88-%d8%a7%d9%8a%d8%b6%d8%a7%d9%8b-%d9%85%d9%86%d8%b7%d9%82-%d8%a7%d9%84%d9%86%d8%b8%d8%a7%d9%85-%d8%a7%d9%84%d8%b3%d9%8a\/#article\",\"isPartOf\":{\"@id\":\"https:\/\/mmfidawla.com\/2026\/09\/04\/%d9%85%d9%86%d8%b7%d9%82-%d8%a5%d8%b3%d8%b1%d8%a7%d8%a6%d9%8a%d9%84-%d9%87%d9%88-%d8%a7%d9%8a%d8%b6%d8%a7%d9%8b-%d9%85%d9%86%d8%b7%d9%82-%d8%a7%d9%84%d9%86%d8%b8%d8%a7%d9%85-%d8%a7%d9%84%d8%b3%d9%8a\/\"},\"author\":{\"name\":\"Raghad Hmede\",\"@id\":\"https:\/\/mmfidawla.com\/#\/schema\/person\/4d71a51f930de603cfed88b30a893d0f\"},\"headline\":\"La logique d&rsquo;Isra\u00ebl est aussi celle du syst\u00e8me politique libanais : le sionisme prime-t-il sur la nationalit\u00e9 libanaise ?\",\"datePublished\":\"2026-09-04 10:36:26.000000\",\"dateModified\":\"2026-09-04 10:36:27.000000\",\"mainEntityOfPage\":{\"@id\":\"https:\/\/mmfidawla.com\/2026\/09\/04\/%d9%85%d9%86%d8%b7%d9%82-%d8%a5%d8%b3%d8%b1%d8%a7%d8%a6%d9%8a%d9%84-%d9%87%d9%88-%d8%a7%d9%8a%d8%b6%d8%a7%d9%8b-%d9%85%d9%86%d8%b7%d9%82-%d8%a7%d9%84%d9%86%d8%b8%d8%a7%d9%85-%d8%a7%d9%84%d8%b3%d9%8a\/\"},\"wordCount\":2387,\"publisher\":{\"@id\":\"https:\/\/mmfidawla.com\/#organization\"},\"articleSection\":[\"Presse\"],\"inLanguage\":\"fr-FR\"},{\"@type\":\"WebPage\",\"@id\":\"https:\/\/mmfidawla.com\/2026\/09\/04\/%d9%85%d9%86%d8%b7%d9%82-%d8%a5%d8%b3%d8%b1%d8%a7%d8%a6%d9%8a%d9%84-%d9%87%d9%88-%d8%a7%d9%8a%d8%b6%d8%a7%d9%8b-%d9%85%d9%86%d8%b7%d9%82-%d8%a7%d9%84%d9%86%d8%b8%d8%a7%d9%85-%d8%a7%d9%84%d8%b3%d9%8a\/\",\"url\":\"https:\/\/mmfidawla.com\/2026\/09\/04\/%d9%85%d9%86%d8%b7%d9%82-%d8%a5%d8%b3%d8%b1%d8%a7%d8%a6%d9%8a%d9%84-%d9%87%d9%88-%d8%a7%d9%8a%d8%b6%d8%a7%d9%8b-%d9%85%d9%86%d8%b7%d9%82-%d8%a7%d9%84%d9%86%d8%b8%d8%a7%d9%85-%d8%a7%d9%84%d8%b3%d9%8a\/\",\"name\":\"La logique d'Isra\u00ebl est aussi celle du syst\u00e8me politique libanais : le sionisme prime-t-il sur la nationalit\u00e9 libanaise ? - \u0645\u0648\u0627\u0637\u0646\u0648\u0646 \u0648\u0645\u0648\u0627\u0637\u0646\u0627\u062a \u0641\u064a \u062f\u0648\u0644\u0629\",\"isPartOf\":{\"@id\":\"https:\/\/mmfidawla.com\/#website\"},\"datePublished\":\"2026-09-04 10:36:26.000000\",\"dateModified\":\"2026-09-04 10:36:27.000000\",\"breadcrumb\":{\"@id\":\"https:\/\/mmfidawla.com\/2026\/09\/04\/%d9%85%d9%86%d8%b7%d9%82-%d8%a5%d8%b3%d8%b1%d8%a7%d8%a6%d9%8a%d9%84-%d9%87%d9%88-%d8%a7%d9%8a%d8%b6%d8%a7%d9%8b-%d9%85%d9%86%d8%b7%d9%82-%d8%a7%d9%84%d9%86%d8%b8%d8%a7%d9%85-%d8%a7%d9%84%d8%b3%d9%8a\/#breadcrumb\"},\"inLanguage\":\"fr-FR\",\"potentialAction\":[{\"@type\":\"ReadAction\",\"target\":[\"https:\/\/mmfidawla.com\/2026\/09\/04\/%d9%85%d9%86%d8%b7%d9%82-%d8%a5%d8%b3%d8%b1%d8%a7%d8%a6%d9%8a%d9%84-%d9%87%d9%88-%d8%a7%d9%8a%d8%b6%d8%a7%d9%8b-%d9%85%d9%86%d8%b7%d9%82-%d8%a7%d9%84%d9%86%d8%b8%d8%a7%d9%85-%d8%a7%d9%84%d8%b3%d9%8a\/\"]}]},{\"@type\":\"BreadcrumbList\",\"@id\":\"https:\/\/mmfidawla.com\/2026\/09\/04\/%d9%85%d9%86%d8%b7%d9%82-%d8%a5%d8%b3%d8%b1%d8%a7%d8%a6%d9%8a%d9%84-%d9%87%d9%88-%d8%a7%d9%8a%d8%b6%d8%a7%d9%8b-%d9%85%d9%86%d8%b7%d9%82-%d8%a7%d9%84%d9%86%d8%b8%d8%a7%d9%85-%d8%a7%d9%84%d8%b3%d9%8a\/#breadcrumb\",\"itemListElement\":[{\"@type\":\"ListItem\",\"position\":1,\"name\":\"Home\",\"item\":\"https:\/\/mmfidawla.com\/fr\/\"},{\"@type\":\"ListItem\",\"position\":2,\"name\":\"La logique d&rsquo;Isra\u00ebl est aussi celle du syst\u00e8me politique libanais : le sionisme prime-t-il sur la nationalit\u00e9 libanaise ?\"}]},{\"@type\":\"WebSite\",\"@id\":\"https:\/\/mmfidawla.com\/#website\",\"url\":\"https:\/\/mmfidawla.com\/\",\"name\":\"\u0645\u0648\u0627\u0637\u0646\u0648\u0646 \u0648\u0645\u0648\u0627\u0637\u0646\u0627\u062a \u0641\u064a \u062f\u0648\u0644\u0629\",\"description\":\"\u062d\u0631\u0643\u0629 \u062a\u062c\u0645\u0639 \u0627\u0644\u0639\u0627\u0645\u0644\u064a\u0646 \u0641\u064a \u0627\u0644\u0634\u0623\u0646 \u0627\u0644\u0639\u0627\u0645 \u0639\u0644\u0649 \u0643\u0644\u0651 \u0627\u0644\u062c\u063a\u0631\u0627\u0641\u064a\u0627 \u0627\u0644\u0644\u0628\u0646\u0627\u0646\u064a\u0629\u060c \u0628\u0647\u062f\u0641 \u062a\u062d\u0645\u0651\u0644 \u0627\u0644\u0645\u0633\u0624\u0648\u0644\u064a\u0629 \u0639\u0644\u0649 \u0623\u0633\u0627\u0633 \u0627\u0644\u0645\u0648\u0627\u0637\u0646\u064a\u0651\u0629\u060c \u0635\u064a\u063a\u0629\u064b \u0628\u062f\u064a\u0644\u0629 \u0639\u0646 \u0627\u0644\u062a\u0628\u0639\u064a\u0651\u0627\u062a \u0627\u0644\u0645\u0641\u0631\u0648\u0636\u0629 \u0648\u0627\u0644\u0645\u0623\u0632\u0648\u0645\u0629\",\"publisher\":{\"@id\":\"https:\/\/mmfidawla.com\/#organization\"},\"potentialAction\":[{\"@type\":\"SearchAction\",\"target\":{\"@type\":\"EntryPoint\",\"urlTemplate\":\"https:\/\/mmfidawla.com\/?s={search_term_string}\"},\"query-input\":\"required name=search_term_string\"}],\"inLanguage\":\"fr-FR\"},{\"@type\":\"Organization\",\"@id\":\"https:\/\/mmfidawla.com\/#organization\",\"name\":\"\u0645\u0648\u0627\u0637\u0646\u0648\u0646 \u0648\u0645\u0648\u0627\u0637\u0646\u0627\u062a \u0641\u064a \u062f\u0648\u0644\u0629\",\"url\":\"https:\/\/mmfidawla.com\/\",\"logo\":{\"@type\":\"ImageObject\",\"inLanguage\":\"fr-FR\",\"@id\":\"https:\/\/mmfidawla.com\/#\/schema\/logo\/image\/\",\"url\":\"https:\/\/mmfidawla.com\/wp-content\/uploads\/2016\/03\/cropped-MMD-logo-final-2.png\",\"contentUrl\":\"https:\/\/mmfidawla.com\/wp-content\/uploads\/2016\/03\/cropped-MMD-logo-final-2.png\",\"width\":842,\"height\":561,\"caption\":\"\u0645\u0648\u0627\u0637\u0646\u0648\u0646 \u0648\u0645\u0648\u0627\u0637\u0646\u0627\u062a \u0641\u064a \u062f\u0648\u0644\u0629\"},\"image\":{\"@id\":\"https:\/\/mmfidawla.com\/#\/schema\/logo\/image\/\"},\"sameAs\":[\"https:\/\/www.facebook.com\/mmfidawla\/\",\"https:\/\/twitter.com\/mmfidawla\",\"https:\/\/www.instagram.com\/mmfidawla\/\",\"http:\/\/youtube.com\/mmfidawla\/\"]},{\"@type\":\"Person\",\"@id\":\"https:\/\/mmfidawla.com\/#\/schema\/person\/4d71a51f930de603cfed88b30a893d0f\",\"name\":\"Raghad Hmede\",\"image\":{\"@type\":\"ImageObject\",\"inLanguage\":\"fr-FR\",\"@id\":\"https:\/\/mmfidawla.com\/#\/schema\/person\/image\/\",\"url\":\"https:\/\/secure.gravatar.com\/avatar\/353a3803b12e0b7750a677003fce3c27?s=96&d=mm&r=g\",\"contentUrl\":\"https:\/\/secure.gravatar.com\/avatar\/353a3803b12e0b7750a677003fce3c27?s=96&d=mm&r=g\",\"caption\":\"Raghad Hmede\"},\"url\":\"https:\/\/mmfidawla.com\/fr\/author\/raghadhmede822005\/\"}]}<\/script>\n<!-- \/ Yoast SEO plugin. -->","yoast_head_json":{"title":"La logique d'Isra\u00ebl est aussi celle du syst\u00e8me politique libanais : le sionisme prime-t-il sur la nationalit\u00e9 libanaise ? - \u0645\u0648\u0627\u0637\u0646\u0648\u0646 \u0648\u0645\u0648\u0627\u0637\u0646\u0627\u062a \u0641\u064a \u062f\u0648\u0644\u0629","robots":{"index":"index","follow":"follow","max-snippet":"max-snippet:-1","max-image-preview":"max-image-preview:large","max-video-preview":"max-video-preview:-1"},"canonical":"https:\/\/mmfidawla.com\/2026\/09\/04\/\u0645\u0646\u0637\u0642-\u0625\u0633\u0631\u0627\u0626\u064a\u0644-\u0647\u0648-\u0627\u064a\u0636\u0627\u064b-\u0645\u0646\u0637\u0642-\u0627\u0644\u0646\u0638\u0627\u0645-\u0627\u0644\u0633\u064a\/","og_locale":"fr_FR","og_type":"article","og_title":"La logique d'Isra\u00ebl est aussi celle du syst\u00e8me politique libanais : le sionisme prime-t-il sur la nationalit\u00e9 libanaise ? - \u0645\u0648\u0627\u0637\u0646\u0648\u0646 \u0648\u0645\u0648\u0627\u0637\u0646\u0627\u062a \u0641\u064a \u062f\u0648\u0644\u0629","og_url":"https:\/\/mmfidawla.com\/2026\/09\/04\/\u0645\u0646\u0637\u0642-\u0625\u0633\u0631\u0627\u0626\u064a\u0644-\u0647\u0648-\u0627\u064a\u0636\u0627\u064b-\u0645\u0646\u0637\u0642-\u0627\u0644\u0646\u0638\u0627\u0645-\u0627\u0644\u0633\u064a\/","og_site_name":"\u0645\u0648\u0627\u0637\u0646\u0648\u0646 \u0648\u0645\u0648\u0627\u0637\u0646\u0627\u062a \u0641\u064a \u062f\u0648\u0644\u0629","article_publisher":"https:\/\/www.facebook.com\/mmfidawla\/","article_published_time":"2026-09-04 10:36:26.000000","article_modified_time":"2026-09-04 10:36:27.000000","og_image":[{"width":1080,"height":1350,"url":"https:\/\/mmfidawla.com\/wp-content\/uploads\/2026\/09\/bayan-4-sep-2026-.jpg.jpeg","type":"image\/jpeg"}],"author":"Raghad Hmede","twitter_card":"summary_large_image","twitter_creator":"@mmfidawla","twitter_site":"@mmfidawla","twitter_misc":{"\u00c9crit par":"Raghad Hmede","Dur\u00e9e de lecture est.":"12 minutes"},"schema":{"@context":"https:\/\/schema.org","@graph":[{"@type":"Article","@id":"https:\/\/mmfidawla.com\/2026\/09\/04\/%d9%85%d9%86%d8%b7%d9%82-%d8%a5%d8%b3%d8%b1%d8%a7%d8%a6%d9%8a%d9%84-%d9%87%d9%88-%d8%a7%d9%8a%d8%b6%d8%a7%d9%8b-%d9%85%d9%86%d8%b7%d9%82-%d8%a7%d9%84%d9%86%d8%b8%d8%a7%d9%85-%d8%a7%d9%84%d8%b3%d9%8a\/#article","isPartOf":{"@id":"https:\/\/mmfidawla.com\/2026\/09\/04\/%d9%85%d9%86%d8%b7%d9%82-%d8%a5%d8%b3%d8%b1%d8%a7%d8%a6%d9%8a%d9%84-%d9%87%d9%88-%d8%a7%d9%8a%d8%b6%d8%a7%d9%8b-%d9%85%d9%86%d8%b7%d9%82-%d8%a7%d9%84%d9%86%d8%b8%d8%a7%d9%85-%d8%a7%d9%84%d8%b3%d9%8a\/"},"author":{"name":"Raghad Hmede","@id":"https:\/\/mmfidawla.com\/#\/schema\/person\/4d71a51f930de603cfed88b30a893d0f"},"headline":"La logique d&rsquo;Isra\u00ebl est aussi celle du syst\u00e8me politique libanais : le sionisme prime-t-il sur la nationalit\u00e9 libanaise ?","datePublished":"2026-09-04 10:36:26.000000","dateModified":"2026-09-04 10:36:27.000000","mainEntityOfPage":{"@id":"https:\/\/mmfidawla.com\/2026\/09\/04\/%d9%85%d9%86%d8%b7%d9%82-%d8%a5%d8%b3%d8%b1%d8%a7%d8%a6%d9%8a%d9%84-%d9%87%d9%88-%d8%a7%d9%8a%d8%b6%d8%a7%d9%8b-%d9%85%d9%86%d8%b7%d9%82-%d8%a7%d9%84%d9%86%d8%b8%d8%a7%d9%85-%d8%a7%d9%84%d8%b3%d9%8a\/"},"wordCount":2387,"publisher":{"@id":"https:\/\/mmfidawla.com\/#organization"},"articleSection":["Presse"],"inLanguage":"fr-FR"},{"@type":"WebPage","@id":"https:\/\/mmfidawla.com\/2026\/09\/04\/%d9%85%d9%86%d8%b7%d9%82-%d8%a5%d8%b3%d8%b1%d8%a7%d8%a6%d9%8a%d9%84-%d9%87%d9%88-%d8%a7%d9%8a%d8%b6%d8%a7%d9%8b-%d9%85%d9%86%d8%b7%d9%82-%d8%a7%d9%84%d9%86%d8%b8%d8%a7%d9%85-%d8%a7%d9%84%d8%b3%d9%8a\/","url":"https:\/\/mmfidawla.com\/2026\/09\/04\/%d9%85%d9%86%d8%b7%d9%82-%d8%a5%d8%b3%d8%b1%d8%a7%d8%a6%d9%8a%d9%84-%d9%87%d9%88-%d8%a7%d9%8a%d8%b6%d8%a7%d9%8b-%d9%85%d9%86%d8%b7%d9%82-%d8%a7%d9%84%d9%86%d8%b8%d8%a7%d9%85-%d8%a7%d9%84%d8%b3%d9%8a\/","name":"La logique d'Isra\u00ebl est aussi celle du syst\u00e8me politique libanais : le sionisme prime-t-il sur la nationalit\u00e9 libanaise ? - \u0645\u0648\u0627\u0637\u0646\u0648\u0646 \u0648\u0645\u0648\u0627\u0637\u0646\u0627\u062a \u0641\u064a \u062f\u0648\u0644\u0629","isPartOf":{"@id":"https:\/\/mmfidawla.com\/#website"},"datePublished":"2026-09-04 10:36:26.000000","dateModified":"2026-09-04 10:36:27.000000","breadcrumb":{"@id":"https:\/\/mmfidawla.com\/2026\/09\/04\/%d9%85%d9%86%d8%b7%d9%82-%d8%a5%d8%b3%d8%b1%d8%a7%d8%a6%d9%8a%d9%84-%d9%87%d9%88-%d8%a7%d9%8a%d8%b6%d8%a7%d9%8b-%d9%85%d9%86%d8%b7%d9%82-%d8%a7%d9%84%d9%86%d8%b8%d8%a7%d9%85-%d8%a7%d9%84%d8%b3%d9%8a\/#breadcrumb"},"inLanguage":"fr-FR","potentialAction":[{"@type":"ReadAction","target":["https:\/\/mmfidawla.com\/2026\/09\/04\/%d9%85%d9%86%d8%b7%d9%82-%d8%a5%d8%b3%d8%b1%d8%a7%d8%a6%d9%8a%d9%84-%d9%87%d9%88-%d8%a7%d9%8a%d8%b6%d8%a7%d9%8b-%d9%85%d9%86%d8%b7%d9%82-%d8%a7%d9%84%d9%86%d8%b8%d8%a7%d9%85-%d8%a7%d9%84%d8%b3%d9%8a\/"]}]},{"@type":"BreadcrumbList","@id":"https:\/\/mmfidawla.com\/2026\/09\/04\/%d9%85%d9%86%d8%b7%d9%82-%d8%a5%d8%b3%d8%b1%d8%a7%d8%a6%d9%8a%d9%84-%d9%87%d9%88-%d8%a7%d9%8a%d8%b6%d8%a7%d9%8b-%d9%85%d9%86%d8%b7%d9%82-%d8%a7%d9%84%d9%86%d8%b8%d8%a7%d9%85-%d8%a7%d9%84%d8%b3%d9%8a\/#breadcrumb","itemListElement":[{"@type":"ListItem","position":1,"name":"Home","item":"https:\/\/mmfidawla.com\/fr\/"},{"@type":"ListItem","position":2,"name":"La logique d&rsquo;Isra\u00ebl est aussi celle du syst\u00e8me politique libanais : le sionisme prime-t-il sur la nationalit\u00e9 libanaise ?"}]},{"@type":"WebSite","@id":"https:\/\/mmfidawla.com\/#website","url":"https:\/\/mmfidawla.com\/","name":"\u0645\u0648\u0627\u0637\u0646\u0648\u0646 \u0648\u0645\u0648\u0627\u0637\u0646\u0627\u062a \u0641\u064a \u062f\u0648\u0644\u0629","description":"\u062d\u0631\u0643\u0629 \u062a\u062c\u0645\u0639 \u0627\u0644\u0639\u0627\u0645\u0644\u064a\u0646 \u0641\u064a \u0627\u0644\u0634\u0623\u0646 \u0627\u0644\u0639\u0627\u0645 \u0639\u0644\u0649 \u0643\u0644\u0651 \u0627\u0644\u062c\u063a\u0631\u0627\u0641\u064a\u0627 \u0627\u0644\u0644\u0628\u0646\u0627\u0646\u064a\u0629\u060c \u0628\u0647\u062f\u0641 \u062a\u062d\u0645\u0651\u0644 \u0627\u0644\u0645\u0633\u0624\u0648\u0644\u064a\u0629 \u0639\u0644\u0649 \u0623\u0633\u0627\u0633 \u0627\u0644\u0645\u0648\u0627\u0637\u0646\u064a\u0651\u0629\u060c \u0635\u064a\u063a\u0629\u064b \u0628\u062f\u064a\u0644\u0629 \u0639\u0646 \u0627\u0644\u062a\u0628\u0639\u064a\u0651\u0627\u062a \u0627\u0644\u0645\u0641\u0631\u0648\u0636\u0629 \u0648\u0627\u0644\u0645\u0623\u0632\u0648\u0645\u0629","publisher":{"@id":"https:\/\/mmfidawla.com\/#organization"},"potentialAction":[{"@type":"SearchAction","target":{"@type":"EntryPoint","urlTemplate":"https:\/\/mmfidawla.com\/?s={search_term_string}"},"query-input":"required name=search_term_string"}],"inLanguage":"fr-FR"},{"@type":"Organization","@id":"https:\/\/mmfidawla.com\/#organization","name":"\u0645\u0648\u0627\u0637\u0646\u0648\u0646 \u0648\u0645\u0648\u0627\u0637\u0646\u0627\u062a \u0641\u064a \u062f\u0648\u0644\u0629","url":"https:\/\/mmfidawla.com\/","logo":{"@type":"ImageObject","inLanguage":"fr-FR","@id":"https:\/\/mmfidawla.com\/#\/schema\/logo\/image\/","url":"https:\/\/mmfidawla.com\/wp-content\/uploads\/2016\/03\/cropped-MMD-logo-final-2.png","contentUrl":"https:\/\/mmfidawla.com\/wp-content\/uploads\/2016\/03\/cropped-MMD-logo-final-2.png","width":842,"height":561,"caption":"\u0645\u0648\u0627\u0637\u0646\u0648\u0646 \u0648\u0645\u0648\u0627\u0637\u0646\u0627\u062a \u0641\u064a \u062f\u0648\u0644\u0629"},"image":{"@id":"https:\/\/mmfidawla.com\/#\/schema\/logo\/image\/"},"sameAs":["https:\/\/www.facebook.com\/mmfidawla\/","https:\/\/twitter.com\/mmfidawla","https:\/\/www.instagram.com\/mmfidawla\/","http:\/\/youtube.com\/mmfidawla\/"]},{"@type":"Person","@id":"https:\/\/mmfidawla.com\/#\/schema\/person\/4d71a51f930de603cfed88b30a893d0f","name":"Raghad Hmede","image":{"@type":"ImageObject","inLanguage":"fr-FR","@id":"https:\/\/mmfidawla.com\/#\/schema\/person\/image\/","url":"https:\/\/secure.gravatar.com\/avatar\/353a3803b12e0b7750a677003fce3c27?s=96&d=mm&r=g","contentUrl":"https:\/\/secure.gravatar.com\/avatar\/353a3803b12e0b7750a677003fce3c27?s=96&d=mm&r=g","caption":"Raghad Hmede"},"url":"https:\/\/mmfidawla.com\/fr\/author\/raghadhmede822005\/"}]}},"_links":{"self":[{"href":"https:\/\/mmfidawla.com\/fr\/wp-json\/wp\/v2\/posts\/20437"}],"collection":[{"href":"https:\/\/mmfidawla.com\/fr\/wp-json\/wp\/v2\/posts"}],"about":[{"href":"https:\/\/mmfidawla.com\/fr\/wp-json\/wp\/v2\/types\/post"}],"author":[{"embeddable":true,"href":"https:\/\/mmfidawla.com\/fr\/wp-json\/wp\/v2\/users\/1949"}],"replies":[{"embeddable":true,"href":"https:\/\/mmfidawla.com\/fr\/wp-json\/wp\/v2\/comments?post=20437"}],"version-history":[{"count":2,"href":"https:\/\/mmfidawla.com\/fr\/wp-json\/wp\/v2\/posts\/20437\/revisions"}],"predecessor-version":[{"id":20439,"href":"https:\/\/mmfidawla.com\/fr\/wp-json\/wp\/v2\/posts\/20437\/revisions\/20439"}],"wp:featuredmedia":[{"embeddable":true,"href":"https:\/\/mmfidawla.com\/fr\/wp-json\/wp\/v2\/media\/20415"}],"wp:attachment":[{"href":"https:\/\/mmfidawla.com\/fr\/wp-json\/wp\/v2\/media?parent=20437"}],"wp:term":[{"taxonomy":"category","embeddable":true,"href":"https:\/\/mmfidawla.com\/fr\/wp-json\/wp\/v2\/categories?post=20437"},{"taxonomy":"post_tag","embeddable":true,"href":"https:\/\/mmfidawla.com\/fr\/wp-json\/wp\/v2\/tags?post=20437"}],"curies":[{"name":"wp","href":"https:\/\/api.w.org\/{rel}","templated":true}]}}