{"id":8130,"date":"2019-11-30T21:43:49","date_gmt":"2019-11-30T19:43:49","guid":{"rendered":"http:\/\/mmfidawla.com\/?p=8130"},"modified":"2019-12-01T10:24:02","modified_gmt":"2019-12-01T08:24:02","slug":"political-transition-22","status":"publish","type":"post","link":"https:\/\/mmfidawla.com\/fr\/2019\/11\/30\/political-transition-22\/","title":{"rendered":"La dimension r\u00e9gionale et internationale de la transition au Liban"},"content":{"rendered":"\n<style type=\"text\/css\" data-created_by=\"avia_inline_auto\" id=\"style-css-av-7u771m-9308af1469d4efaf1e865dc9df25ddc3\">\n.flex_column.av-7u771m-9308af1469d4efaf1e865dc9df25ddc3{\nborder-radius:0px 0px 0px 0px;\npadding:0px 0px 0px 0px;\n}\n<\/style>\n<div  class='flex_column av-7u771m-9308af1469d4efaf1e865dc9df25ddc3 av_three_fourth  avia-builder-el-0  el_before_av_one_fourth  avia-builder-el-first  first flex_column_div av-zero-column-padding  '     ><p><div  class='avia-button-wrap av-k36w1h83-1d07dd7e045cbd0e987dba541c95cf6c-wrap avia-button-center  avia-builder-el-1  el_before_av_hr  avia-builder-el-first '><a href='https:\/\/mmfidawla.com\/fr\/2019\/11\/20\/political-transition-21\/'  class='avia-button av-k36w1h83-1d07dd7e045cbd0e987dba541c95cf6c avia-icon_select-yes-right-icon avia-size-small avia-position-center avia-color-theme-color'  ><span class='avia_iconbox_title' >Retour<\/span><span class='avia_button_icon avia_button_icon_right' aria-hidden='true' data-av_icon='\ue870' data-av_iconfont='entypo-fontello'><\/span><\/a><\/div><br \/>\n<div  class='hr av-3zyk78-0e95109a99663f06e726d2f453c19b42 hr-default  avia-builder-el-2  el_after_av_button  el_before_av_textblock '><span class='hr-inner '><span class=\"hr-inner-style\"><\/span><\/span><\/div><br \/>\n<section  class='av_textblock_section av-k35uqa9y-87af69f32707c211af31220526476f74 '   itemscope=\"itemscope\" itemtype=\"https:\/\/schema.org\/BlogPosting\" itemprop=\"blogPost\" ><div class='avia_textblock'  itemprop=\"text\" ><h2>La dimension r\u00e9gionale et internationale de la transition au Liban<\/h2>\n<\/div><\/section><br \/>\n<section  class='av_textblock_section av-k35uqycz-0b526f25c01c044467df37836bb01be4 '   itemscope=\"itemscope\" itemtype=\"https:\/\/schema.org\/BlogPosting\" itemprop=\"blogPost\" ><div class='avia_textblock'  itemprop=\"text\" ><p>Le projet politique que nous pr\u00e9sentons aujourd\u2019hui est clair et d\u00e9taill\u00e9. C\u2019est un projet de sauvetage du Liban. Mais il concerne aussi notre r\u00e9gion qui traverse l\u2019une de ses p\u00e9riodes les plus noires, marqu\u00e9es par des guerres civiles, des destructions sociales et la fragmentation de ses \u00c9tats. L\u2019\u00c9tat la\u00efque est un projet pour le Liban et la r\u00e9gion, en commen\u00e7ant par la Syrie et l\u2019Irak, car il prot\u00e8ge les soci\u00e9t\u00e9s des dictatures, des guerres civiles et des h\u00e9g\u00e9monies ext\u00e9rieures. Il est l\u2019exact contraire du projet sioniste. La responsabilit\u00e9 de cette dimension r\u00e9gionale n\u2019incombe pas au Liban en raison d\u2019un quelconque avantage, mais du fait que le Liban a connu, trois ou quatre d\u00e9cennies avant les autres, la guerre civile et qu\u2019il a exp\u00e9riment\u00e9 la domination des chefs de guerre, une fois celle-ci termin\u00e9e. En revanche, cette dimension r\u00e9gionale inscrira le projet d\u2019\u00c9tat la\u00efque libanais dans une dynamique r\u00e9gionale importante. Si elle est exploit\u00e9e politiquement, cette dynamique est de nature \u00e0 reconfigurer la r\u00e9gion afin qu\u2019elle retrouve une place normale et \u00e9quilibr\u00e9e apr\u00e8s avoir \u00e9t\u00e9 livr\u00e9e en p\u00e2ture \u00e0 l\u2019ennemi sioniste et l\u2019imp\u00e9rialisme d\u2019un c\u00f4t\u00e9, et aux conflits entre les puissances r\u00e9gionales de l\u2019autre.<\/p>\n<\/div><\/section><br \/>\n<div  class='av-buildercomment av-3abuiu-9cc78365e86abbfe6a5599453d37289d'><\/div><br \/>\n<div  class='hr av-a6w04-b060aa413bf42771b2ee5dd36471dbd9 hr-default  avia-builder-el-6  el_after_av_comments_list  el_before_av_button '><span class='hr-inner '><span class=\"hr-inner-style\"><\/span><\/span><\/div><br \/>\n<div  class='avia-button-wrap av-k36w24e3-f2d7f1902aca1a943454df30cb3ae16e-wrap avia-button-center  avia-builder-el-7  el_after_av_hr  el_before_av_hr '><a href='https:\/\/mmfidawla.com\/fr\/2019\/11\/20\/political-transition-23\/'  class='avia-button av-k36w24e3-f2d7f1902aca1a943454df30cb3ae16e avia-icon_select-yes-right-icon avia-size-small avia-position-center avia-color-theme-color'  ><span class='avia_iconbox_title' >Suivant<\/span><span class='avia_button_icon avia_button_icon_right' aria-hidden='true' data-av_icon='\ue871' data-av_iconfont='entypo-fontello'><\/span><\/a><\/div><br \/>\n<div  class='hr av-1w1sgq-1635703b766df6d18b8b4105d2650fc8 hr-default  avia-builder-el-8  el_after_av_button  el_before_av_social_share '><span class='hr-inner '><span class=\"hr-inner-style\"><\/span><\/span><\/div><br \/>\n<div  class='av-social-sharing-box av-426i6i-ddfabc4246fcef55f6b5a01b06ec5c12 av-social-sharing-box-default  avia-builder-el-9  el_after_av_hr  avia-builder-el-last  av-social-sharing-box-fullwidth'><div class=\"av-share-box\"><h5 class='av-share-link-description av-no-toc '>Share this entry<\/h5><ul class=\"av-share-box-list noLightbox\"><li class='av-share-link av-social-link-facebook' ><a target=\"_blank\" aria-label=\"Partager sur Facebook\" href='https:\/\/www.facebook.com\/sharer.php?u=https:\/\/mmfidawla.com\/fr\/2019\/11\/30\/political-transition-22\/&#038;t=La%20dimension%20r%C3%A9gionale%20et%20internationale%20de%20la%20transition%20au%20Liban' aria-hidden='false' data-av_icon='\ue8f3' data-av_iconfont='entypo-fontello' title='' data-avia-related-tooltip='Partager sur Facebook' rel=\"noopener\"><span class='avia_hidden_link_text'>Partager sur Facebook<\/span><\/a><\/li><li class='av-share-link av-social-link-twitter' ><a target=\"_blank\" aria-label=\"Partager sur Twitter\" href='https:\/\/twitter.com\/share?text=La%20dimension%20r%C3%A9gionale%20et%20internationale%20de%20la%20transition%20au%20Liban&#038;url=https:\/\/mmfidawla.com\/fr\/?p=8130' aria-hidden='false' data-av_icon='\ue932' data-av_iconfont='entypo-fontello' title='' data-avia-related-tooltip='Partager sur Twitter' rel=\"noopener\"><span class='avia_hidden_link_text'>Partager sur Twitter<\/span><\/a><\/li><li class='av-share-link av-social-link-square-x-twitter' ><a target=\"_blank\" aria-label=\"Share on Twitter\" href='https:\/\/twitter.com\/share?text=La%20dimension%20r%C3%A9gionale%20et%20internationale%20de%20la%20transition%20au%20Liban&#038;url=https:\/\/mmfidawla.com\/fr\/?p=8130' aria-hidden='false' data-av_icon='\ue933' data-av_iconfont='entypo-fontello' title='' data-avia-related-tooltip='Share on Twitter' rel=\"noopener\"><span class='avia_hidden_link_text'>Share on Twitter<\/span><\/a><\/li><li class='av-share-link av-social-link-whatsapp' ><a target=\"_blank\" aria-label=\"Partager sur WhatsApp\" href='https:\/\/api.whatsapp.com\/send?text=https:\/\/mmfidawla.com\/fr\/2019\/11\/30\/political-transition-22\/' aria-hidden='false' data-av_icon='\uf232' data-av_iconfont='entypo-fontello' title='' data-avia-related-tooltip='Partager sur WhatsApp' rel=\"noopener\"><span class='avia_hidden_link_text'>Partager sur WhatsApp<\/span><\/a><\/li><li class='av-share-link av-social-link-pinterest' ><a target=\"_blank\" aria-label=\"Partager sur Pinterest\" href='https:\/\/pinterest.com\/pin\/create\/button\/?url=https%3A%2F%2Fmmfidawla.com%2Ffr%2F2019%2F11%2F30%2Fpolitical-transition-22%2F&#038;description=La%20dimension%20r%C3%A9gionale%20et%20internationale%20de%20la%20transition%20au%20Liban&#038;media=' aria-hidden='false' data-av_icon='\ue8f8' data-av_iconfont='entypo-fontello' title='' data-avia-related-tooltip='Partager sur Pinterest' rel=\"noopener\"><span class='avia_hidden_link_text'>Partager sur Pinterest<\/span><\/a><\/li><li class='av-share-link av-social-link-linkedin' ><a target=\"_blank\" aria-label=\"Partager sur LinkedIn\" href='https:\/\/linkedin.com\/shareArticle?mini=true&#038;title=La%20dimension%20r%C3%A9gionale%20et%20internationale%20de%20la%20transition%20au%20Liban&#038;url=https:\/\/mmfidawla.com\/fr\/2019\/11\/30\/political-transition-22\/' aria-hidden='false' data-av_icon='\ue8fc' data-av_iconfont='entypo-fontello' title='' data-avia-related-tooltip='Partager sur LinkedIn' rel=\"noopener\"><span class='avia_hidden_link_text'>Partager sur LinkedIn<\/span><\/a><\/li><li class='av-share-link av-social-link-tumblr' ><a target=\"_blank\" aria-label=\"Partager sur Tumblr\" href='https:\/\/www.tumblr.com\/share\/link?url=https%3A%2F%2Fmmfidawla.com%2Ffr%2F2019%2F11%2F30%2Fpolitical-transition-22%2F&#038;name=La%20dimension%20r%C3%A9gionale%20et%20internationale%20de%20la%20transition%20au%20Liban&#038;description=' aria-hidden='false' data-av_icon='\ue8fa' data-av_iconfont='entypo-fontello' title='' data-avia-related-tooltip='Partager sur Tumblr' rel=\"noopener\"><span class='avia_hidden_link_text'>Partager sur Tumblr<\/span><\/a><\/li><li class='av-share-link av-social-link-vk' ><a target=\"_blank\" aria-label=\"Partager sur Vk\" href='https:\/\/vk.com\/share.php?url=https:\/\/mmfidawla.com\/fr\/2019\/11\/30\/political-transition-22\/' aria-hidden='false' data-av_icon='\ue926' data-av_iconfont='entypo-fontello' title='' data-avia-related-tooltip='Partager sur Vk' rel=\"noopener\"><span class='avia_hidden_link_text'>Partager sur Vk<\/span><\/a><\/li><li class='av-share-link av-social-link-reddit' ><a target=\"_blank\" aria-label=\"Partager sur Reddit\" href='https:\/\/reddit.com\/submit?url=https:\/\/mmfidawla.com\/fr\/2019\/11\/30\/political-transition-22\/&#038;title=La%20dimension%20r%C3%A9gionale%20et%20internationale%20de%20la%20transition%20au%20Liban' aria-hidden='false' data-av_icon='\ue927' data-av_iconfont='entypo-fontello' title='' data-avia-related-tooltip='Partager sur Reddit' rel=\"noopener\"><span class='avia_hidden_link_text'>Partager sur Reddit<\/span><\/a><\/li><li class='av-share-link av-social-link-mail' ><a  aria-label=\"Partager par Mail\" href='mailto:?subject=La%20dimension%20r%C3%A9gionale%20et%20internationale%20de%20la%20transition%20au%20Liban&#038;body=https:\/\/mmfidawla.com\/fr\/2019\/11\/30\/political-transition-22\/' aria-hidden='false' data-av_icon='\ue805' data-av_iconfont='entypo-fontello' title='' data-avia-related-tooltip='Partager par Mail'><span class='avia_hidden_link_text'>Partager par Mail<\/span><\/a><\/li><\/ul><\/div><\/div><\/p><\/div>\n\n<style type=\"text\/css\" data-created_by=\"avia_inline_auto\" id=\"style-css-av-31zs16-65171ed05d883ccc7bead94bd66927c0\">\n.flex_column.av-31zs16-65171ed05d883ccc7bead94bd66927c0{\nborder-radius:0px 0px 0px 0px;\npadding:0px 0px 0px 0px;\n}\n<\/style>\n<div  class='flex_column av-31zs16-65171ed05d883ccc7bead94bd66927c0 av_one_fourth  avia-builder-el-10  el_after_av_three_fourth  avia-builder-el-last  flex_column_div av-zero-column-padding  '     ><section  class='av_textblock_section av-k35usbg2-2c4ad4677982ea3800cd7f1d5cbf2688 '   itemscope=\"itemscope\" itemtype=\"https:\/\/schema.org\/BlogPosting\" itemprop=\"blogPost\" ><div class='avia_textblock'  itemprop=\"text\" ><p dir=\"ltr\">Appuyer sur le diagramme pour retourner au sommaire<\/p>\n<\/div><\/section><br \/>\n\n<style type=\"text\/css\" data-created_by=\"avia_inline_auto\" id=\"style-css-av-k35uy2ar-ea313095cd1f8ebc4f2f434ee019d670\">\n.avia-image-container.av-k35uy2ar-ea313095cd1f8ebc4f2f434ee019d670 img.avia_image{\nbox-shadow:none;\n}\n.avia-image-container.av-k35uy2ar-ea313095cd1f8ebc4f2f434ee019d670 .av-image-caption-overlay-center{\ncolor:#ffffff;\n}\n<\/style>\n<div  class='avia-image-container av-k35uy2ar-ea313095cd1f8ebc4f2f434ee019d670 av-styling- avia-align-center  avia-builder-el-12  el_after_av_textblock  avia-builder-el-last '   itemprop=\"image\" itemscope=\"itemscope\" itemtype=\"https:\/\/schema.org\/ImageObject\" ><div class=\"avia-image-container-inner\"><div class=\"avia-image-overlay-wrap\"><a href=\"https:\/\/mmfidawla.com\/fr\/political-vision\/\" class='avia_image'  aria-label='Slide23'><img decoding=\"async\" fetchpriority=\"high\" class='wp-image-8051 avia-img-lazy-loading-not-8051 avia_image ' src=\"https:\/\/mmfidawla.com\/wp-content\/uploads\/2019\/11\/Slide23-2.jpeg\" alt='' title='Slide23'  height=\"296\" width=\"780\"  itemprop=\"thumbnailUrl\" srcset=\"https:\/\/mmfidawla.com\/wp-content\/uploads\/2019\/11\/Slide23-2.jpeg 780w, https:\/\/mmfidawla.com\/wp-content\/uploads\/2019\/11\/Slide23-2-600x228.jpeg 600w, https:\/\/mmfidawla.com\/wp-content\/uploads\/2019\/11\/Slide23-2-300x114.jpeg 300w, https:\/\/mmfidawla.com\/wp-content\/uploads\/2019\/11\/Slide23-2-768x291.jpeg 768w, https:\/\/mmfidawla.com\/wp-content\/uploads\/2019\/11\/Slide23-2-705x268.jpeg 705w\" sizes=\"(max-width: 780px) 100vw, 780px\" \/><\/a><\/div><\/div><\/div><\/p><\/div>\n","protected":false},"excerpt":{"rendered":"","protected":false},"author":5,"featured_media":0,"comment_status":"open","ping_status":"open","sticky":false,"template":"","format":"standard","meta":{"_price":"","_stock":"","_tribe_ticket_header":"","_tribe_default_ticket_provider":"","_tribe_ticket_capacity":"0","_ticket_start_date":"","_ticket_end_date":"","_tribe_ticket_show_description":"","_tribe_ticket_show_not_going":false,"_tribe_ticket_use_global_stock":"","_tribe_ticket_global_stock_level":"","_global_stock_mode":"","_global_stock_cap":"","_tribe_rsvp_for_event":"","_tribe_ticket_going_count":"","_tribe_ticket_not_going_count":"","_tribe_tickets_list":[],"_tribe_ticket_has_attendee_info_fields":false,"footnotes":""},"categories":[241],"tags":[],"yoast_head":"<!-- This site is optimized with the Yoast SEO plugin v21.5 - https:\/\/yoast.com\/wordpress\/plugins\/seo\/ -->\n<title>La dimension r\u00e9gionale et internationale de la transition au Liban - \u0645\u0648\u0627\u0637\u0646\u0648\u0646 \u0648\u0645\u0648\u0627\u0637\u0646\u0627\u062a \u0641\u064a \u062f\u0648\u0644\u0629<\/title>\n<meta name=\"robots\" content=\"index, follow, max-snippet:-1, max-image-preview:large, max-video-preview:-1\" \/>\n<link rel=\"canonical\" href=\"https:\/\/mmfidawla.com\/fr\/2019\/11\/30\/political-transition-22\/\" \/>\n<meta property=\"og:locale\" content=\"fr_FR\" \/>\n<meta property=\"og:type\" content=\"article\" \/>\n<meta property=\"og:title\" content=\"La dimension r\u00e9gionale et internationale de la transition au Liban - \u0645\u0648\u0627\u0637\u0646\u0648\u0646 \u0648\u0645\u0648\u0627\u0637\u0646\u0627\u062a \u0641\u064a \u062f\u0648\u0644\u0629\" \/>\n<meta property=\"og:url\" content=\"https:\/\/mmfidawla.com\/fr\/2019\/11\/30\/political-transition-22\/\" \/>\n<meta property=\"og:site_name\" content=\"\u0645\u0648\u0627\u0637\u0646\u0648\u0646 \u0648\u0645\u0648\u0627\u0637\u0646\u0627\u062a \u0641\u064a \u062f\u0648\u0644\u0629\" \/>\n<meta property=\"article:publisher\" content=\"https:\/\/www.facebook.com\/mmfidawla\/\" \/>\n<meta property=\"article:published_time\" content=\"2019-11-30 19:43:49.000000\" \/>\n<meta property=\"article:modified_time\" content=\"2019-12-01 08:24:02.000000\" \/>\n<meta name=\"author\" content=\"m\" \/>\n<meta name=\"twitter:card\" content=\"summary_large_image\" \/>\n<meta name=\"twitter:creator\" content=\"@mmfidawla\" \/>\n<meta name=\"twitter:site\" content=\"@mmfidawla\" \/>\n<meta name=\"twitter:label1\" content=\"\u00c9crit par\" \/>\n\t<meta name=\"twitter:data1\" content=\"m\" \/>\n\t<meta name=\"twitter:label2\" content=\"Dur\u00e9e de lecture est.\" \/>\n\t<meta name=\"twitter:data2\" content=\"5 minutes\" \/>\n<script type=\"application\/ld+json\" class=\"yoast-schema-graph\">{\"@context\":\"https:\/\/schema.org\",\"@graph\":[{\"@type\":\"Article\",\"@id\":\"https:\/\/mmfidawla.com\/fr\/2019\/11\/30\/political-transition-22\/#article\",\"isPartOf\":{\"@id\":\"https:\/\/mmfidawla.com\/fr\/2019\/11\/30\/political-transition-22\/\"},\"author\":{\"name\":\"m\",\"@id\":\"https:\/\/mmfidawla.com\/#\/schema\/person\/3ef689788571b16df83e1bd6f996bee8\"},\"headline\":\"La dimension r\u00e9gionale et internationale de la transition au Liban\",\"datePublished\":\"2019-11-30 19:43:49.000000\",\"dateModified\":\"2019-12-01 08:24:02.000000\",\"mainEntityOfPage\":{\"@id\":\"https:\/\/mmfidawla.com\/fr\/2019\/11\/30\/political-transition-22\/\"},\"wordCount\":952,\"commentCount\":0,\"publisher\":{\"@id\":\"https:\/\/mmfidawla.com\/#organization\"},\"articleSection\":[\"Political Transition\"],\"inLanguage\":\"fr-FR\",\"potentialAction\":[{\"@type\":\"CommentAction\",\"name\":\"Comment\",\"target\":[\"https:\/\/mmfidawla.com\/fr\/2019\/11\/30\/political-transition-22\/#respond\"]}]},{\"@type\":\"WebPage\",\"@id\":\"https:\/\/mmfidawla.com\/fr\/2019\/11\/30\/political-transition-22\/\",\"url\":\"https:\/\/mmfidawla.com\/fr\/2019\/11\/30\/political-transition-22\/\",\"name\":\"La dimension r\u00e9gionale et internationale de la transition au Liban - \u0645\u0648\u0627\u0637\u0646\u0648\u0646 \u0648\u0645\u0648\u0627\u0637\u0646\u0627\u062a \u0641\u064a \u062f\u0648\u0644\u0629\",\"isPartOf\":{\"@id\":\"https:\/\/mmfidawla.com\/#website\"},\"datePublished\":\"2019-11-30 19:43:49.000000\",\"dateModified\":\"2019-12-01 08:24:02.000000\",\"breadcrumb\":{\"@id\":\"https:\/\/mmfidawla.com\/fr\/2019\/11\/30\/political-transition-22\/#breadcrumb\"},\"inLanguage\":\"fr-FR\",\"potentialAction\":[{\"@type\":\"ReadAction\",\"target\":[\"https:\/\/mmfidawla.com\/fr\/2019\/11\/30\/political-transition-22\/\"]}]},{\"@type\":\"BreadcrumbList\",\"@id\":\"https:\/\/mmfidawla.com\/fr\/2019\/11\/30\/political-transition-22\/#breadcrumb\",\"itemListElement\":[{\"@type\":\"ListItem\",\"position\":1,\"name\":\"Home\",\"item\":\"https:\/\/mmfidawla.com\/fr\/\"},{\"@type\":\"ListItem\",\"position\":2,\"name\":\"La dimension r\u00e9gionale et internationale de la transition au Liban\"}]},{\"@type\":\"WebSite\",\"@id\":\"https:\/\/mmfidawla.com\/#website\",\"url\":\"https:\/\/mmfidawla.com\/\",\"name\":\"\u0645\u0648\u0627\u0637\u0646\u0648\u0646 \u0648\u0645\u0648\u0627\u0637\u0646\u0627\u062a \u0641\u064a \u062f\u0648\u0644\u0629\",\"description\":\"\u062d\u0631\u0643\u0629 \u062a\u062c\u0645\u0639 \u0627\u0644\u0639\u0627\u0645\u0644\u064a\u0646 \u0641\u064a \u0627\u0644\u0634\u0623\u0646 \u0627\u0644\u0639\u0627\u0645 \u0639\u0644\u0649 \u0643\u0644\u0651 \u0627\u0644\u062c\u063a\u0631\u0627\u0641\u064a\u0627 \u0627\u0644\u0644\u0628\u0646\u0627\u0646\u064a\u0629\u060c \u0628\u0647\u062f\u0641 \u062a\u062d\u0645\u0651\u0644 \u0627\u0644\u0645\u0633\u0624\u0648\u0644\u064a\u0629 \u0639\u0644\u0649 \u0623\u0633\u0627\u0633 \u0627\u0644\u0645\u0648\u0627\u0637\u0646\u064a\u0651\u0629\u060c \u0635\u064a\u063a\u0629\u064b \u0628\u062f\u064a\u0644\u0629 \u0639\u0646 \u0627\u0644\u062a\u0628\u0639\u064a\u0651\u0627\u062a \u0627\u0644\u0645\u0641\u0631\u0648\u0636\u0629 \u0648\u0627\u0644\u0645\u0623\u0632\u0648\u0645\u0629\",\"publisher\":{\"@id\":\"https:\/\/mmfidawla.com\/#organization\"},\"potentialAction\":[{\"@type\":\"SearchAction\",\"target\":{\"@type\":\"EntryPoint\",\"urlTemplate\":\"https:\/\/mmfidawla.com\/?s={search_term_string}\"},\"query-input\":\"required name=search_term_string\"}],\"inLanguage\":\"fr-FR\"},{\"@type\":\"Organization\",\"@id\":\"https:\/\/mmfidawla.com\/#organization\",\"name\":\"\u0645\u0648\u0627\u0637\u0646\u0648\u0646 \u0648\u0645\u0648\u0627\u0637\u0646\u0627\u062a \u0641\u064a \u062f\u0648\u0644\u0629\",\"url\":\"https:\/\/mmfidawla.com\/\",\"logo\":{\"@type\":\"ImageObject\",\"inLanguage\":\"fr-FR\",\"@id\":\"https:\/\/mmfidawla.com\/#\/schema\/logo\/image\/\",\"url\":\"https:\/\/mmfidawla.com\/wp-content\/uploads\/2016\/03\/cropped-MMD-logo-final-2.png\",\"contentUrl\":\"https:\/\/mmfidawla.com\/wp-content\/uploads\/2016\/03\/cropped-MMD-logo-final-2.png\",\"width\":842,\"height\":561,\"caption\":\"\u0645\u0648\u0627\u0637\u0646\u0648\u0646 \u0648\u0645\u0648\u0627\u0637\u0646\u0627\u062a \u0641\u064a \u062f\u0648\u0644\u0629\"},\"image\":{\"@id\":\"https:\/\/mmfidawla.com\/#\/schema\/logo\/image\/\"},\"sameAs\":[\"https:\/\/www.facebook.com\/mmfidawla\/\",\"https:\/\/twitter.com\/mmfidawla\",\"https:\/\/www.instagram.com\/mmfidawla\/\",\"http:\/\/youtube.com\/mmfidawla\/\"]},{\"@type\":\"Person\",\"@id\":\"https:\/\/mmfidawla.com\/#\/schema\/person\/3ef689788571b16df83e1bd6f996bee8\",\"name\":\"m\",\"image\":{\"@type\":\"ImageObject\",\"inLanguage\":\"fr-FR\",\"@id\":\"https:\/\/mmfidawla.com\/#\/schema\/person\/image\/\",\"url\":\"https:\/\/secure.gravatar.com\/avatar\/187ee4a13c65798c02a308b857d055a2?s=96&d=mm&r=g\",\"contentUrl\":\"https:\/\/secure.gravatar.com\/avatar\/187ee4a13c65798c02a308b857d055a2?s=96&d=mm&r=g\",\"caption\":\"m\"},\"url\":\"https:\/\/mmfidawla.com\/fr\/author\/mcdoumani\/\"}]}<\/script>\n<!-- \/ Yoast SEO plugin. -->","yoast_head_json":{"title":"La dimension r\u00e9gionale et internationale de la transition au Liban - \u0645\u0648\u0627\u0637\u0646\u0648\u0646 \u0648\u0645\u0648\u0627\u0637\u0646\u0627\u062a \u0641\u064a \u062f\u0648\u0644\u0629","robots":{"index":"index","follow":"follow","max-snippet":"max-snippet:-1","max-image-preview":"max-image-preview:large","max-video-preview":"max-video-preview:-1"},"canonical":"https:\/\/mmfidawla.com\/fr\/2019\/11\/30\/political-transition-22\/","og_locale":"fr_FR","og_type":"article","og_title":"La dimension r\u00e9gionale et internationale de la transition au Liban - \u0645\u0648\u0627\u0637\u0646\u0648\u0646 \u0648\u0645\u0648\u0627\u0637\u0646\u0627\u062a \u0641\u064a \u062f\u0648\u0644\u0629","og_url":"https:\/\/mmfidawla.com\/fr\/2019\/11\/30\/political-transition-22\/","og_site_name":"\u0645\u0648\u0627\u0637\u0646\u0648\u0646 \u0648\u0645\u0648\u0627\u0637\u0646\u0627\u062a \u0641\u064a \u062f\u0648\u0644\u0629","article_publisher":"https:\/\/www.facebook.com\/mmfidawla\/","article_published_time":"2019-11-30 19:43:49.000000","article_modified_time":"2019-12-01 08:24:02.000000","author":"m","twitter_card":"summary_large_image","twitter_creator":"@mmfidawla","twitter_site":"@mmfidawla","twitter_misc":{"\u00c9crit par":"m","Dur\u00e9e de lecture est.":"5 minutes"},"schema":{"@context":"https:\/\/schema.org","@graph":[{"@type":"Article","@id":"https:\/\/mmfidawla.com\/fr\/2019\/11\/30\/political-transition-22\/#article","isPartOf":{"@id":"https:\/\/mmfidawla.com\/fr\/2019\/11\/30\/political-transition-22\/"},"author":{"name":"m","@id":"https:\/\/mmfidawla.com\/#\/schema\/person\/3ef689788571b16df83e1bd6f996bee8"},"headline":"La dimension r\u00e9gionale et internationale de la transition au Liban","datePublished":"2019-11-30 19:43:49.000000","dateModified":"2019-12-01 08:24:02.000000","mainEntityOfPage":{"@id":"https:\/\/mmfidawla.com\/fr\/2019\/11\/30\/political-transition-22\/"},"wordCount":952,"commentCount":0,"publisher":{"@id":"https:\/\/mmfidawla.com\/#organization"},"articleSection":["Political Transition"],"inLanguage":"fr-FR","potentialAction":[{"@type":"CommentAction","name":"Comment","target":["https:\/\/mmfidawla.com\/fr\/2019\/11\/30\/political-transition-22\/#respond"]}]},{"@type":"WebPage","@id":"https:\/\/mmfidawla.com\/fr\/2019\/11\/30\/political-transition-22\/","url":"https:\/\/mmfidawla.com\/fr\/2019\/11\/30\/political-transition-22\/","name":"La dimension r\u00e9gionale et internationale de la transition au Liban - \u0645\u0648\u0627\u0637\u0646\u0648\u0646 \u0648\u0645\u0648\u0627\u0637\u0646\u0627\u062a \u0641\u064a \u062f\u0648\u0644\u0629","isPartOf":{"@id":"https:\/\/mmfidawla.com\/#website"},"datePublished":"2019-11-30 19:43:49.000000","dateModified":"2019-12-01 08:24:02.000000","breadcrumb":{"@id":"https:\/\/mmfidawla.com\/fr\/2019\/11\/30\/political-transition-22\/#breadcrumb"},"inLanguage":"fr-FR","potentialAction":[{"@type":"ReadAction","target":["https:\/\/mmfidawla.com\/fr\/2019\/11\/30\/political-transition-22\/"]}]},{"@type":"BreadcrumbList","@id":"https:\/\/mmfidawla.com\/fr\/2019\/11\/30\/political-transition-22\/#breadcrumb","itemListElement":[{"@type":"ListItem","position":1,"name":"Home","item":"https:\/\/mmfidawla.com\/fr\/"},{"@type":"ListItem","position":2,"name":"La dimension r\u00e9gionale et internationale de la transition au Liban"}]},{"@type":"WebSite","@id":"https:\/\/mmfidawla.com\/#website","url":"https:\/\/mmfidawla.com\/","name":"\u0645\u0648\u0627\u0637\u0646\u0648\u0646 \u0648\u0645\u0648\u0627\u0637\u0646\u0627\u062a \u0641\u064a \u062f\u0648\u0644\u0629","description":"\u062d\u0631\u0643\u0629 \u062a\u062c\u0645\u0639 \u0627\u0644\u0639\u0627\u0645\u0644\u064a\u0646 \u0641\u064a \u0627\u0644\u0634\u0623\u0646 \u0627\u0644\u0639\u0627\u0645 \u0639\u0644\u0649 \u0643\u0644\u0651 \u0627\u0644\u062c\u063a\u0631\u0627\u0641\u064a\u0627 \u0627\u0644\u0644\u0628\u0646\u0627\u0646\u064a\u0629\u060c \u0628\u0647\u062f\u0641 \u062a\u062d\u0645\u0651\u0644 \u0627\u0644\u0645\u0633\u0624\u0648\u0644\u064a\u0629 \u0639\u0644\u0649 \u0623\u0633\u0627\u0633 \u0627\u0644\u0645\u0648\u0627\u0637\u0646\u064a\u0651\u0629\u060c \u0635\u064a\u063a\u0629\u064b \u0628\u062f\u064a\u0644\u0629 \u0639\u0646 \u0627\u0644\u062a\u0628\u0639\u064a\u0651\u0627\u062a \u0627\u0644\u0645\u0641\u0631\u0648\u0636\u0629 \u0648\u0627\u0644\u0645\u0623\u0632\u0648\u0645\u0629","publisher":{"@id":"https:\/\/mmfidawla.com\/#organization"},"potentialAction":[{"@type":"SearchAction","target":{"@type":"EntryPoint","urlTemplate":"https:\/\/mmfidawla.com\/?s={search_term_string}"},"query-input":"required name=search_term_string"}],"inLanguage":"fr-FR"},{"@type":"Organization","@id":"https:\/\/mmfidawla.com\/#organization","name":"\u0645\u0648\u0627\u0637\u0646\u0648\u0646 \u0648\u0645\u0648\u0627\u0637\u0646\u0627\u062a \u0641\u064a \u062f\u0648\u0644\u0629","url":"https:\/\/mmfidawla.com\/","logo":{"@type":"ImageObject","inLanguage":"fr-FR","@id":"https:\/\/mmfidawla.com\/#\/schema\/logo\/image\/","url":"https:\/\/mmfidawla.com\/wp-content\/uploads\/2016\/03\/cropped-MMD-logo-final-2.png","contentUrl":"https:\/\/mmfidawla.com\/wp-content\/uploads\/2016\/03\/cropped-MMD-logo-final-2.png","width":842,"height":561,"caption":"\u0645\u0648\u0627\u0637\u0646\u0648\u0646 \u0648\u0645\u0648\u0627\u0637\u0646\u0627\u062a \u0641\u064a \u062f\u0648\u0644\u0629"},"image":{"@id":"https:\/\/mmfidawla.com\/#\/schema\/logo\/image\/"},"sameAs":["https:\/\/www.facebook.com\/mmfidawla\/","https:\/\/twitter.com\/mmfidawla","https:\/\/www.instagram.com\/mmfidawla\/","http:\/\/youtube.com\/mmfidawla\/"]},{"@type":"Person","@id":"https:\/\/mmfidawla.com\/#\/schema\/person\/3ef689788571b16df83e1bd6f996bee8","name":"m","image":{"@type":"ImageObject","inLanguage":"fr-FR","@id":"https:\/\/mmfidawla.com\/#\/schema\/person\/image\/","url":"https:\/\/secure.gravatar.com\/avatar\/187ee4a13c65798c02a308b857d055a2?s=96&d=mm&r=g","contentUrl":"https:\/\/secure.gravatar.com\/avatar\/187ee4a13c65798c02a308b857d055a2?s=96&d=mm&r=g","caption":"m"},"url":"https:\/\/mmfidawla.com\/fr\/author\/mcdoumani\/"}]}},"_links":{"self":[{"href":"https:\/\/mmfidawla.com\/fr\/wp-json\/wp\/v2\/posts\/8130"}],"collection":[{"href":"https:\/\/mmfidawla.com\/fr\/wp-json\/wp\/v2\/posts"}],"about":[{"href":"https:\/\/mmfidawla.com\/fr\/wp-json\/wp\/v2\/types\/post"}],"author":[{"embeddable":true,"href":"https:\/\/mmfidawla.com\/fr\/wp-json\/wp\/v2\/users\/5"}],"replies":[{"embeddable":true,"href":"https:\/\/mmfidawla.com\/fr\/wp-json\/wp\/v2\/comments?post=8130"}],"version-history":[{"count":4,"href":"https:\/\/mmfidawla.com\/fr\/wp-json\/wp\/v2\/posts\/8130\/revisions"}],"predecessor-version":[{"id":8297,"href":"https:\/\/mmfidawla.com\/fr\/wp-json\/wp\/v2\/posts\/8130\/revisions\/8297"}],"wp:attachment":[{"href":"https:\/\/mmfidawla.com\/fr\/wp-json\/wp\/v2\/media?parent=8130"}],"wp:term":[{"taxonomy":"category","embeddable":true,"href":"https:\/\/mmfidawla.com\/fr\/wp-json\/wp\/v2\/categories?post=8130"},{"taxonomy":"post_tag","embeddable":true,"href":"https:\/\/mmfidawla.com\/fr\/wp-json\/wp\/v2\/tags?post=8130"}],"curies":[{"name":"wp","href":"https:\/\/api.w.org\/{rel}","templated":true}]}}